{"id":528,"date":"2019-01-14T21:44:00","date_gmt":"2019-01-15T02:44:00","guid":{"rendered":"https:\/\/www.oaq.com\/ressources\/publications-de-loaq\/bien-reagir-en-cas-durgence\/"},"modified":"2026-02-24T13:22:21","modified_gmt":"2026-02-24T18:22:21","slug":"bien-reagir-en-cas-durgence","status":"publish","type":"post","link":"https:\/\/www.oaq.com\/ressources\/publications-ordre\/bien-reagir-en-cas-durgence\/","title":{"rendered":"Bien r\u00e9agir en cas d\u2019urgence"},"content":{"rendered":"\n<h4 class=\"wp-block-heading\">Qu\u2019est-ce qu\u2019un plan de continuit\u00e9 des affaires\u2009?<\/h4>\n\n\n\n<p>Un plan de continuit\u00e9 des affaires (PCA) est un plan d\u2019action pr\u00e9\u00e9tabli qui sert de guide en cas d\u2019interruption des services d\u2019une firme ou d\u2019absence prolong\u00e9e d\u2019un de ses patrons ou d\u2019un de ses employ\u00e9s. Ayant pour objectif la reprise rapide des activit\u00e9s, il d\u00e9crit en d\u00e9tail les actes \u00e0 poser et les personnes \u00e0 contacter dans diff\u00e9rentes situations.&nbsp;<\/p>\n\n\n\n<h4 class=\"wp-block-heading\">Quand \u00e9tablir votre PCA\u2009?<\/h4>\n\n\n\n<p>Tous les bureaux d\u2019architectes, petits ou grands, ont avantage \u00e0 se doter d\u2019un PCA. On peut l\u2019\u00e9tablir lors de la s\u00e9lection d\u2019un cessionnaire de dossiers ou lors de l\u2019\u00e9laboration d\u2019un plan de succession (voir \u00ab\u2009<a href=\"https:\/\/www.oaq.com\/esquisses\/accessibilite_universelle\/aide_a_la_pratique\/cessionnaire_de_dossiers.html\" target=\"_blank\" rel=\"noreferrer noopener\">Pour la suite des choses\u2009\u00bb, Esquisses, volume 28, no\u00a04<\/a>).\u00a0<\/p>\n\n\n\n<h4 class=\"wp-block-heading\">Que contient le PCA\u2009?<\/h4>\n\n\n\n<p>Le PCA comporte deux parties. La premi\u00e8re d\u00e9crit les protocoles \u00e0 d\u00e9ployer en situation d\u2019urgence. La seconde \u00e9num\u00e8re les t\u00e2ches \u00e0 effectuer r\u00e9guli\u00e8rement et les activit\u00e9s de formation \u00e0 offrir au personnel afin que tous les \u00e9l\u00e9ments n\u00e9cessaires \u00e0 l\u2019application des protocoles soient accessibles et \u00e0 jour en cas d\u2019urgence.<\/p>\n\n\n\n<p><strong>Protocoles d\u2019urgence<\/strong><\/p>\n\n\n\n<p>La planification en cas d\u2019urgence devrait inclure entre autres des protocoles relatifs\u2009:<\/p>\n\n\n\n<p>\u2022 \u00e0 la r\u00e9cup\u00e9ration des donn\u00e9es;&nbsp;<\/p>\n\n\n\n<p>\u2022 aux communications avec les clients et les autres parties prenantes;<\/p>\n\n\n\n<p>\u2022 aux communications avec les consultants externes (fournisseurs, comptable, banque, assureur, etc.);&nbsp;<\/p>\n\n\n\n<p>\u2022&nbsp;\u00e0 l\u2019attribution ou \u00e0 la redistribution des t\u00e2ches habituellement effectu\u00e9es par la personne absente;&nbsp;<\/p>\n\n\n\n<p>\u2022&nbsp;\u00e0 la r\u00e9organisation temporaire des r\u00f4les au sein du bureau;&nbsp;<\/p>\n\n\n\n<p>\u2022&nbsp;\u00e0 la possibilit\u00e9 de recourir au t\u00e9l\u00e9travail sur une p\u00e9riode prolong\u00e9e.<\/p>\n\n\n\n<p><strong>Situations<\/strong><\/p>\n\n\n\n<p>Dans son guide en ligne destin\u00e9 aux petites et moyennes entreprises, le minist\u00e8re de l\u2019\u00c9conomie et de l\u2019Innovation du Qu\u00e9bec propose de pr\u00e9voir les actions \u00e0 mettre en place dans les situations suivantes\u2009:<\/p>\n\n\n\n<p>\u2022 Perte d\u2019acc\u00e8s au lieu d\u2019affaires\/perte de l\u2019emplacement&nbsp;<\/p>\n\n\n\n<p>\u2022 Perte des syst\u00e8mes informatiques et de communication (\u00e9quipements, applications, t\u00e9l\u00e9phones, etc.)<\/p>\n\n\n\n<p>\u2022 Absent\u00e9isme anormal ou perte d\u2019employ\u00e9s cl\u00e9s<\/p>\n\n\n\n<p>\u2022 Interruption des services d\u2019un partenaire d\u2019affaires cl\u00e9 (fournisseur et sous-traitant)<\/p>\n\n\n\n<p>\u2022 Perte de ressources essentielles tels \u00e9quipements, outils ou services cl\u00e9s<\/p>\n\n\n\n<p><strong>Protocoles de pr\u00e9paration<\/strong><\/p>\n\n\n\n<p>Pour que le PCA puisse \u00eatre d\u00e9ploy\u00e9 rapidement en cas d\u2019urgence, certains \u00e9l\u00e9ments doivent \u00eatre \u00e9tablis \u00e0 l\u2019avance, notamment\u2009:<\/p>\n\n\n\n<p>\u2022 La formation des \u00e9quipes d\u2019intervention (gestion de crise, d\u00e9pannage informatique, pigistes en mesure de remplacer les employ\u00e9s absents, etc.)&nbsp;<\/p>\n\n\n\n<p>\u2022 Les listes de fournisseurs<\/p>\n\n\n\n<p>\u2022 L\u2019emplacement des documents papier et num\u00e9riques n\u00e9cessaires pour diff\u00e9rentes situations d\u2019urgence<\/p>\n\n\n\n<p>\u2022&nbsp;Le protocole de sauvegarde informatique habituelle&nbsp;<\/p>\n\n\n\n<p>\u2022&nbsp;Des \u00e9bauches de communiqu\u00e9s et de courriels \u00e0 transmettre aux parties prenantes<\/p>\n\n\n\n<h4 class=\"wp-block-heading\">Personnes responsables<\/h4>\n\n\n\n<p>Afin d\u2019assurer un d\u00e9ploiement rapide des protocoles d\u2019urgence, une \u00e9quipe d\u2019intervention devrait \u00eatre constitu\u00e9e parmi les employ\u00e9s de la firme et inclure le ou les concepteurs du PCA.&nbsp;<\/p>\n\n\n\n<p>Si vous exercez en solo, vous devriez d\u00e9signer un gardien provisoire qui prendra la responsabilit\u00e9 de vos dossiers en cas de cessation d\u2019exercice temporaire. Il faut noter que cette fonction diff\u00e8re de celle du cessionnaire de dossiers, qui, lui, reprend les dossiers d\u2019un architecte de fa\u00e7on permanente quand ce dernier cesse d\u00e9finitivement d\u2019exercer.&nbsp;<\/p>\n\n\n\n<h4 class=\"wp-block-heading\">Un plan adapt\u00e9 \u00e0 votre profession<\/h4>\n\n\n\n<p>La pr\u00e9paration de votre PCA devrait pr\u00e9ciser l\u2019information \u00e0 transmettre \u00e0 votre ordre professionnel en situation d\u2019urgence. Consultez le R\u00e8glement sur la cessation d\u2019exercice d\u2019un membre de l\u2019Ordre des architectes du Qu\u00e9bec pour conna\u00eetre l\u2019ensemble de vos obligations \u00e0 cet \u00e9gard.&nbsp;<\/p>\n\n\n\n<p>Bien que personne ne souhaite avoir \u00e0 d\u00e9ployer un PCA, il est rassurant d\u2019en avoir un \u00e0 port\u00e9e de main pour faire face aux situations impr\u00e9vues. De quoi favoriser de bonnes nuits de sommeil\u2009!&nbsp;<\/p>\n\n\n\n<p>Ressources\u2009:<\/p>\n\n\n\n<p>Minist\u00e8re de l\u2019\u00c9conomie et de l\u2019Innovation du Qu\u00e9bec, \u00ab<a href=\"https:\/\/www.economie.gouv.qc.ca\/bibliotheques\/outils\/gestion-dune-entreprise\/gestion-dentreprise\/guide-de-gestion-de-la-continuite-des-activites-pour-les-petites-et-les-moyennes-entreprises-quebecoises\/comment-elaborer-un-plan-de-continuite-des-activites\/\" target=\"_blank\" rel=\"noreferrer noopener\">\u2009Comment \u00e9laborer un plan de continuit\u00e9 des activit\u00e9s<\/a>\u2009\u00bb.<\/p>\n\n\n\n<p>Banque de d\u00e9veloppement du Canada, \u00ab\u2009<a href=\"https:\/\/www.bdc.ca\/fr\/articles-outils\/strategie-affaires-planification\/gerer-affaires\/pages\/plan-continuite-affaires-8-etapes.aspx\" target=\"_blank\" rel=\"noreferrer noopener\">8&nbsp;\u00e9tapes pour planifier votre r\u00e9ponse aux urgences et catastrophes<\/a>\u2009\u00bb.<\/p>\n\n\n\n<p>Explications sur le plan de succession dans le Manuel canadien de pratique de l\u2019architecture, chapitre&nbsp;2.1.2, \u00ab\u2009Planification de la succession\u2009\u00bb, p.&nbsp;1 [<a href=\"https:\/\/portail.oaq.com\/\" target=\"_blank\" rel=\"noreferrer noopener\">oaq.com, espace r\u00e9serv\u00e9<\/a>].<\/p>\n\n\n\n<p><a href=\"http:\/\/legisquebec.gouv.qc.ca\/fr\/ShowDoc\/cr\/A-21,%20r.%204\" target=\"_blank\" rel=\"noreferrer noopener\">R\u00e8glement sur la cessation d\u2019exercice d\u2019un membre de l\u2019Ordre des architectes du Qu\u00e9bec.<\/a><\/p>\n\n\n\n<p>*&nbsp;<em>Maude Hall\u00e9 Saint-Cyr et Cathy Beaus\u00e9jour sont<\/em>&nbsp;<em>respectivement inspectrice et conseill\u00e8re aux communications \u00e0 l\u2019OAQ.<\/em><\/p>\n","protected":false},"excerpt":{"rendered":"<p>Imaginez un instant qu\u2019un incendie d\u00e9truise votre bureau. Ou qu\u2019un de vos employ\u00e9s cl\u00e9s s\u2019absente plusieurs semaines sans pr\u00e9avis. Qu\u2019adviendrait-il des activit\u00e9s de votre entreprise\u2009? Comment le fonctionnement normal serait-il r\u00e9tabli\u2009? Avoir un plan de continuit\u00e9 des affaires peut vous aider \u00e0 rester en contr\u00f4le si vous \u00eates patron d\u2019un bureau, particuli\u00e8rement si vous pratiquez seul.<\/p>\n","protected":false},"author":1,"featured_media":529,"comment_status":"closed","ping_status":"open","sticky":false,"template":"","format":"standard","meta":{"_acf_changed":false,"_relevanssi_hide_post":"","_relevanssi_hide_content":"","_relevanssi_pin_for_all":"","_relevanssi_pin_keywords":"","_relevanssi_unpin_keywords":"","_relevanssi_related_keywords":"","_relevanssi_related_include_ids":"","_relevanssi_related_exclude_ids":"","_relevanssi_related_no_append":"","_relevanssi_related_not_related":"","_relevanssi_related_posts":"","_relevanssi_noindex_reason":"","footnotes":""},"tags":[],"publication-type":[7],"subject":[72,82],"class_list":["post-528","post","type-post","status-publish","format-standard","has-post-thumbnail","hentry","publication-type-fiche","subject-tenue-de-bureau","subject-organisation-du-travail"],"acf":[],"yoast_head":"<!-- This site is optimized with the Yoast SEO plugin v27.2 - https:\/\/yoast.com\/product\/yoast-seo-wordpress\/ -->\n<title>Bien r\u00e9agir en cas d\u2019urgence - Espace Ressources<\/title>\n<meta name=\"robots\" content=\"index, follow, max-snippet:-1, max-image-preview:large, max-video-preview:-1\" \/>\n<link rel=\"canonical\" href=\"https:\/\/www.oaq.com\/ressources\/publications-ordre\/bien-reagir-en-cas-durgence\/\" \/>\n<meta property=\"og:locale\" content=\"fr_CA\" \/>\n<meta property=\"og:type\" content=\"article\" \/>\n<meta property=\"og:title\" content=\"Bien r\u00e9agir en cas d\u2019urgence - Espace Ressources\" \/>\n<meta property=\"og:description\" content=\"Imaginez un instant qu\u2019un incendie d\u00e9truise votre bureau. Ou qu\u2019un de vos employ\u00e9s cl\u00e9s s\u2019absente plusieurs semaines sans pr\u00e9avis. Qu\u2019adviendrait-il des activit\u00e9s de votre entreprise\u2009? Comment le fonctionnement normal serait-il r\u00e9tabli\u2009? Avoir un plan de continuit\u00e9 des affaires peut vous aider \u00e0 rester en contr\u00f4le si vous \u00eates patron d\u2019un bureau, particuli\u00e8rement si vous pratiquez seul.\" \/>\n<meta property=\"og:url\" content=\"https:\/\/www.oaq.com\/ressources\/publications-ordre\/bien-reagir-en-cas-durgence\/\" \/>\n<meta property=\"og:site_name\" content=\"Espace Ressources\" \/>\n<meta property=\"article:published_time\" content=\"2019-01-15T02:44:00+00:00\" \/>\n<meta property=\"article:modified_time\" content=\"2026-02-24T18:22:21+00:00\" \/>\n<meta property=\"og:image\" content=\"https:\/\/www.oaq.com\/ressources\/wp-content\/uploads\/sites\/2\/2025\/12\/1-3.jpg\" \/>\n\t<meta property=\"og:image:width\" content=\"548\" \/>\n\t<meta property=\"og:image:height\" content=\"343\" \/>\n\t<meta property=\"og:image:type\" content=\"image\/jpeg\" \/>\n<meta name=\"author\" content=\"vortexf\" \/>\n<meta name=\"twitter:card\" content=\"summary_large_image\" \/>\n<meta name=\"twitter:label1\" content=\"\u00c9crit par\" \/>\n\t<meta name=\"twitter:data1\" content=\"vortexf\" \/>\n\t<meta name=\"twitter:label2\" content=\"Estimation du temps de lecture\" \/>\n\t<meta name=\"twitter:data2\" content=\"4 minutes\" \/>\n<script type=\"application\/ld+json\" class=\"yoast-schema-graph\">{\"@context\":\"https:\/\/schema.org\",\"@graph\":[{\"@type\":\"Article\",\"@id\":\"https:\/\/www.oaq.com\/ressources\/publications-ordre\/bien-reagir-en-cas-durgence\/#article\",\"isPartOf\":{\"@id\":\"https:\/\/www.oaq.com\/ressources\/publications-ordre\/bien-reagir-en-cas-durgence\/\"},\"author\":{\"name\":\"vortexf\",\"@id\":\"https:\/\/www.oaq.com\/ressources\/#\/schema\/person\/4d2bb0caa1e03965db152049d24ce045\"},\"headline\":\"Bien r\u00e9agir en cas d\u2019urgence\",\"datePublished\":\"2019-01-15T02:44:00+00:00\",\"dateModified\":\"2026-02-24T18:22:21+00:00\",\"mainEntityOfPage\":{\"@id\":\"https:\/\/www.oaq.com\/ressources\/publications-ordre\/bien-reagir-en-cas-durgence\/\"},\"wordCount\":774,\"image\":{\"@id\":\"https:\/\/www.oaq.com\/ressources\/publications-ordre\/bien-reagir-en-cas-durgence\/#primaryimage\"},\"thumbnailUrl\":\"https:\/\/www.oaq.com\/ressources\/wp-content\/uploads\/sites\/2\/2025\/12\/1-3.jpg\",\"inLanguage\":\"fr-CA\"},{\"@type\":\"WebPage\",\"@id\":\"https:\/\/www.oaq.com\/ressources\/publications-ordre\/bien-reagir-en-cas-durgence\/\",\"url\":\"https:\/\/www.oaq.com\/ressources\/publications-ordre\/bien-reagir-en-cas-durgence\/\",\"name\":\"Bien r\u00e9agir en cas d\u2019urgence - Espace Ressources\",\"isPartOf\":{\"@id\":\"https:\/\/www.oaq.com\/ressources\/#website\"},\"primaryImageOfPage\":{\"@id\":\"https:\/\/www.oaq.com\/ressources\/publications-ordre\/bien-reagir-en-cas-durgence\/#primaryimage\"},\"image\":{\"@id\":\"https:\/\/www.oaq.com\/ressources\/publications-ordre\/bien-reagir-en-cas-durgence\/#primaryimage\"},\"thumbnailUrl\":\"https:\/\/www.oaq.com\/ressources\/wp-content\/uploads\/sites\/2\/2025\/12\/1-3.jpg\",\"datePublished\":\"2019-01-15T02:44:00+00:00\",\"dateModified\":\"2026-02-24T18:22:21+00:00\",\"author\":{\"@id\":\"https:\/\/www.oaq.com\/ressources\/#\/schema\/person\/4d2bb0caa1e03965db152049d24ce045\"},\"breadcrumb\":{\"@id\":\"https:\/\/www.oaq.com\/ressources\/publications-ordre\/bien-reagir-en-cas-durgence\/#breadcrumb\"},\"inLanguage\":\"fr-CA\",\"potentialAction\":[{\"@type\":\"ReadAction\",\"target\":[\"https:\/\/www.oaq.com\/ressources\/publications-ordre\/bien-reagir-en-cas-durgence\/\"]}]},{\"@type\":\"ImageObject\",\"inLanguage\":\"fr-CA\",\"@id\":\"https:\/\/www.oaq.com\/ressources\/publications-ordre\/bien-reagir-en-cas-durgence\/#primaryimage\",\"url\":\"https:\/\/www.oaq.com\/ressources\/wp-content\/uploads\/sites\/2\/2025\/12\/1-3.jpg\",\"contentUrl\":\"https:\/\/www.oaq.com\/ressources\/wp-content\/uploads\/sites\/2\/2025\/12\/1-3.jpg\",\"width\":548,\"height\":343,\"caption\":\"Photo : rawpixel, Unsplash\"},{\"@type\":\"BreadcrumbList\",\"@id\":\"https:\/\/www.oaq.com\/ressources\/publications-ordre\/bien-reagir-en-cas-durgence\/#breadcrumb\",\"itemListElement\":[{\"@type\":\"ListItem\",\"position\":1,\"name\":\"Accueil\",\"item\":\"https:\/\/www.oaq.com\/ressources\/\"},{\"@type\":\"ListItem\",\"position\":2,\"name\":\"Bien r\u00e9agir en cas d\u2019urgence\"}]},{\"@type\":\"WebSite\",\"@id\":\"https:\/\/www.oaq.com\/ressources\/#website\",\"url\":\"https:\/\/www.oaq.com\/ressources\/\",\"name\":\"Espace Ressources\",\"description\":\"\",\"potentialAction\":[{\"@type\":\"SearchAction\",\"target\":{\"@type\":\"EntryPoint\",\"urlTemplate\":\"https:\/\/www.oaq.com\/ressources\/?s={search_term_string}\"},\"query-input\":{\"@type\":\"PropertyValueSpecification\",\"valueRequired\":true,\"valueName\":\"search_term_string\"}}],\"inLanguage\":\"fr-CA\"},{\"@type\":\"Person\",\"@id\":\"https:\/\/www.oaq.com\/ressources\/#\/schema\/person\/4d2bb0caa1e03965db152049d24ce045\",\"name\":\"vortexf\",\"image\":{\"@type\":\"ImageObject\",\"inLanguage\":\"fr-CA\",\"@id\":\"https:\/\/secure.gravatar.com\/avatar\/23590c744a3b7c47c9ac42238b245df984cebf357111e4952aa03b011375b788?s=96&d=mm&r=g\",\"url\":\"https:\/\/secure.gravatar.com\/avatar\/23590c744a3b7c47c9ac42238b245df984cebf357111e4952aa03b011375b788?s=96&d=mm&r=g\",\"contentUrl\":\"https:\/\/secure.gravatar.com\/avatar\/23590c744a3b7c47c9ac42238b245df984cebf357111e4952aa03b011375b788?s=96&d=mm&r=g\",\"caption\":\"vortexf\"},\"url\":\"https:\/\/www.oaq.com\/ressources\/author\/vortexf\/\"}]}<\/script>\n<!-- \/ Yoast SEO plugin. -->","yoast_head_json":{"title":"Bien r\u00e9agir en cas d\u2019urgence - Espace Ressources","robots":{"index":"index","follow":"follow","max-snippet":"max-snippet:-1","max-image-preview":"max-image-preview:large","max-video-preview":"max-video-preview:-1"},"canonical":"https:\/\/www.oaq.com\/ressources\/publications-ordre\/bien-reagir-en-cas-durgence\/","og_locale":"fr_CA","og_type":"article","og_title":"Bien r\u00e9agir en cas d\u2019urgence - Espace Ressources","og_description":"Imaginez un instant qu\u2019un incendie d\u00e9truise votre bureau. Ou qu\u2019un de vos employ\u00e9s cl\u00e9s s\u2019absente plusieurs semaines sans pr\u00e9avis. Qu\u2019adviendrait-il des activit\u00e9s de votre entreprise\u2009? Comment le fonctionnement normal serait-il r\u00e9tabli\u2009? Avoir un plan de continuit\u00e9 des affaires peut vous aider \u00e0 rester en contr\u00f4le si vous \u00eates patron d\u2019un bureau, particuli\u00e8rement si vous pratiquez seul.","og_url":"https:\/\/www.oaq.com\/ressources\/publications-ordre\/bien-reagir-en-cas-durgence\/","og_site_name":"Espace Ressources","article_published_time":"2019-01-15T02:44:00+00:00","article_modified_time":"2026-02-24T18:22:21+00:00","og_image":[{"width":548,"height":343,"url":"https:\/\/www.oaq.com\/ressources\/wp-content\/uploads\/sites\/2\/2025\/12\/1-3.jpg","type":"image\/jpeg"}],"author":"vortexf","twitter_card":"summary_large_image","twitter_misc":{"\u00c9crit par":"vortexf","Estimation du temps de lecture":"4 minutes"},"schema":{"@context":"https:\/\/schema.org","@graph":[{"@type":"Article","@id":"https:\/\/www.oaq.com\/ressources\/publications-ordre\/bien-reagir-en-cas-durgence\/#article","isPartOf":{"@id":"https:\/\/www.oaq.com\/ressources\/publications-ordre\/bien-reagir-en-cas-durgence\/"},"author":{"name":"vortexf","@id":"https:\/\/www.oaq.com\/ressources\/#\/schema\/person\/4d2bb0caa1e03965db152049d24ce045"},"headline":"Bien r\u00e9agir en cas d\u2019urgence","datePublished":"2019-01-15T02:44:00+00:00","dateModified":"2026-02-24T18:22:21+00:00","mainEntityOfPage":{"@id":"https:\/\/www.oaq.com\/ressources\/publications-ordre\/bien-reagir-en-cas-durgence\/"},"wordCount":774,"image":{"@id":"https:\/\/www.oaq.com\/ressources\/publications-ordre\/bien-reagir-en-cas-durgence\/#primaryimage"},"thumbnailUrl":"https:\/\/www.oaq.com\/ressources\/wp-content\/uploads\/sites\/2\/2025\/12\/1-3.jpg","inLanguage":"fr-CA"},{"@type":"WebPage","@id":"https:\/\/www.oaq.com\/ressources\/publications-ordre\/bien-reagir-en-cas-durgence\/","url":"https:\/\/www.oaq.com\/ressources\/publications-ordre\/bien-reagir-en-cas-durgence\/","name":"Bien r\u00e9agir en cas d\u2019urgence - Espace Ressources","isPartOf":{"@id":"https:\/\/www.oaq.com\/ressources\/#website"},"primaryImageOfPage":{"@id":"https:\/\/www.oaq.com\/ressources\/publications-ordre\/bien-reagir-en-cas-durgence\/#primaryimage"},"image":{"@id":"https:\/\/www.oaq.com\/ressources\/publications-ordre\/bien-reagir-en-cas-durgence\/#primaryimage"},"thumbnailUrl":"https:\/\/www.oaq.com\/ressources\/wp-content\/uploads\/sites\/2\/2025\/12\/1-3.jpg","datePublished":"2019-01-15T02:44:00+00:00","dateModified":"2026-02-24T18:22:21+00:00","author":{"@id":"https:\/\/www.oaq.com\/ressources\/#\/schema\/person\/4d2bb0caa1e03965db152049d24ce045"},"breadcrumb":{"@id":"https:\/\/www.oaq.com\/ressources\/publications-ordre\/bien-reagir-en-cas-durgence\/#breadcrumb"},"inLanguage":"fr-CA","potentialAction":[{"@type":"ReadAction","target":["https:\/\/www.oaq.com\/ressources\/publications-ordre\/bien-reagir-en-cas-durgence\/"]}]},{"@type":"ImageObject","inLanguage":"fr-CA","@id":"https:\/\/www.oaq.com\/ressources\/publications-ordre\/bien-reagir-en-cas-durgence\/#primaryimage","url":"https:\/\/www.oaq.com\/ressources\/wp-content\/uploads\/sites\/2\/2025\/12\/1-3.jpg","contentUrl":"https:\/\/www.oaq.com\/ressources\/wp-content\/uploads\/sites\/2\/2025\/12\/1-3.jpg","width":548,"height":343,"caption":"Photo : rawpixel, Unsplash"},{"@type":"BreadcrumbList","@id":"https:\/\/www.oaq.com\/ressources\/publications-ordre\/bien-reagir-en-cas-durgence\/#breadcrumb","itemListElement":[{"@type":"ListItem","position":1,"name":"Accueil","item":"https:\/\/www.oaq.com\/ressources\/"},{"@type":"ListItem","position":2,"name":"Bien r\u00e9agir en cas d\u2019urgence"}]},{"@type":"WebSite","@id":"https:\/\/www.oaq.com\/ressources\/#website","url":"https:\/\/www.oaq.com\/ressources\/","name":"Espace Ressources","description":"","potentialAction":[{"@type":"SearchAction","target":{"@type":"EntryPoint","urlTemplate":"https:\/\/www.oaq.com\/ressources\/?s={search_term_string}"},"query-input":{"@type":"PropertyValueSpecification","valueRequired":true,"valueName":"search_term_string"}}],"inLanguage":"fr-CA"},{"@type":"Person","@id":"https:\/\/www.oaq.com\/ressources\/#\/schema\/person\/4d2bb0caa1e03965db152049d24ce045","name":"vortexf","image":{"@type":"ImageObject","inLanguage":"fr-CA","@id":"https:\/\/secure.gravatar.com\/avatar\/23590c744a3b7c47c9ac42238b245df984cebf357111e4952aa03b011375b788?s=96&d=mm&r=g","url":"https:\/\/secure.gravatar.com\/avatar\/23590c744a3b7c47c9ac42238b245df984cebf357111e4952aa03b011375b788?s=96&d=mm&r=g","contentUrl":"https:\/\/secure.gravatar.com\/avatar\/23590c744a3b7c47c9ac42238b245df984cebf357111e4952aa03b011375b788?s=96&d=mm&r=g","caption":"vortexf"},"url":"https:\/\/www.oaq.com\/ressources\/author\/vortexf\/"}]}},"_links":{"self":[{"href":"https:\/\/www.oaq.com\/ressources\/wp-json\/wp\/v2\/posts\/528","targetHints":{"allow":["GET"]}}],"collection":[{"href":"https:\/\/www.oaq.com\/ressources\/wp-json\/wp\/v2\/posts"}],"about":[{"href":"https:\/\/www.oaq.com\/ressources\/wp-json\/wp\/v2\/types\/post"}],"author":[{"embeddable":true,"href":"https:\/\/www.oaq.com\/ressources\/wp-json\/wp\/v2\/users\/1"}],"replies":[{"embeddable":true,"href":"https:\/\/www.oaq.com\/ressources\/wp-json\/wp\/v2\/comments?post=528"}],"version-history":[{"count":3,"href":"https:\/\/www.oaq.com\/ressources\/wp-json\/wp\/v2\/posts\/528\/revisions"}],"predecessor-version":[{"id":1802,"href":"https:\/\/www.oaq.com\/ressources\/wp-json\/wp\/v2\/posts\/528\/revisions\/1802"}],"wp:featuredmedia":[{"embeddable":true,"href":"https:\/\/www.oaq.com\/ressources\/wp-json\/wp\/v2\/media\/529"}],"wp:attachment":[{"href":"https:\/\/www.oaq.com\/ressources\/wp-json\/wp\/v2\/media?parent=528"}],"wp:term":[{"taxonomy":"post_tag","embeddable":true,"href":"https:\/\/www.oaq.com\/ressources\/wp-json\/wp\/v2\/tags?post=528"},{"taxonomy":"publication-type","embeddable":true,"href":"https:\/\/www.oaq.com\/ressources\/wp-json\/wp\/v2\/publication-type?post=528"},{"taxonomy":"subject","embeddable":true,"href":"https:\/\/www.oaq.com\/ressources\/wp-json\/wp\/v2\/subject?post=528"}],"curies":[{"name":"wp","href":"https:\/\/api.w.org\/{rel}","templated":true}]}}