{"id":671,"date":"2024-03-15T18:58:51","date_gmt":"2024-03-15T22:58:51","guid":{"rendered":"https:\/\/www.oaq.com\/ressources\/publications-de-loaq\/des-balises-pour-la-prefabrication\/"},"modified":"2026-02-11T13:46:38","modified_gmt":"2026-02-11T18:46:38","slug":"des-balises-pour-la-prefabrication","status":"publish","type":"post","link":"https:\/\/www.oaq.com\/ressources\/publications-ordre\/des-balises-pour-la-prefabrication\/","title":{"rendered":"Des balises pour la pr\u00e9fabrication"},"content":{"rendered":"\n<p>La pr\u00e9fabrication peut apporter son lot d\u2019avantages \u00e0 l\u2019industrie de la construction&nbsp;:&nbsp;selon des adeptes, elle permettrait de b\u00e2tir plus vite et mieux pour moins cher.<\/p>\n\n\n\n<p>Il faut distinguer deux types de projets o\u00f9 l\u2019on a recours \u00e0 la pr\u00e9fabrication.&nbsp;Dans le premier, un constructeur propose \u00e0 l\u2019architecte ou au client de r\u00e9aliser l\u2019ouvrage d\u00e9crit aux plans et devis en le pr\u00e9fabriquant en usine pour ensuite l\u2019assembler au chantier. Pour l\u2019architecte, cela change peu de choses par rapport \u00e0 une construction in situ<em>,<\/em> outre le fait que ses visites de chantier peuvent avoir&nbsp;lieu \u00e0 diff\u00e9rents emplacements, soit sur le site du projet ou en usine.<\/p>\n\n\n\n<p>Le deuxi\u00e8me concerne les projets con\u00e7us \u00e0 partir de composantes pr\u00e9fabriqu\u00e9es,&nbsp;de d\u00e9tails types fournis par le constructeur ou de tout autre \u00e9l\u00e9ment qui s\u2019y apparente&nbsp; (par exemple, une composition de toiture ou de mur). C\u2019est principalement dans ce type&nbsp;de projet que les architectes doivent prendre certaines pr\u00e9cautions.<\/p>\n\n\n\n<p>En effet, la Loi sur les architectes et les r\u00e8glements qui en d\u00e9coulent continuent de s\u2019appliquer en situation de pr\u00e9fabrication.<\/p>\n\n\n\n<p>Voyons quelques cas de figure.<\/p>\n\n\n\n<h2 class=\"wp-block-heading\"><strong>1. Un constructeur peut-il concevoir&nbsp;un b\u00e2timent pr\u00e9fabriqu\u00e9\u2009?<\/strong><\/h2>\n\n\n\n<p><strong>Oui, \u00e0 certaines conditions. <\/strong>Le b\u00e2timent doit figurer parmi les b\u00e2timents non assujettis \u00e0 la <a href=\"https:\/\/www.legisquebec.gouv.qc.ca\/fr\/document\/lc\/A-21\" target=\"_blank\" rel=\"noreferrer noopener\">Loi sur les architectes,<\/a> \u00e9num\u00e9r\u00e9s \u00e0 l\u2019article&nbsp;16.1. G\u00e9n\u00e9ralement, il s\u2019agit des b\u00e2timents d\u2019usage C, D, E ou F3 qui font moins de 300&nbsp;m<sup>2<\/sup> sur un maximum de 2&nbsp;\u00e9tages. \u00c9tant donn\u00e9 que la pr\u00e9paration des plans et devis pour de tels b\u00e2timents ne fait pas partie du champ d\u2019exercice exclusif de l\u2019architecte, un constructeur peut parfaitement offrir le service. Con\u00adsultez <a href=\"http:\/\/oaq.com\/loi\" target=\"_blank\" rel=\"noreferrer noopener\">l\u2019outil d\u2019aide \u00e0 la d\u00e9cision<\/a> \u00e9labor\u00e9&nbsp;par l\u2019OAQ pour v\u00e9rifier si un b\u00e2timent&nbsp;fait partie du champ d\u2019exercice exclusif de l\u2019architecte ou non.<\/p>\n\n\n\n<h2 class=\"wp-block-heading\"><strong>2. Un constructeur peut-il offrir un b\u00e2timent pr\u00e9fabriqu\u00e9 assujetti \u00e0&nbsp;la Loi sur les architectes en mode&nbsp;cl\u00e9s en main\u2009?<\/strong><\/h2>\n\n\n\n<p><strong>Oui, \u00e0 certaines conditions.<\/strong> Le constructeur doit retenir lui-m\u00eame les services d\u2019un ou d\u2019une architecte ayant souscrit l\u2019assurance compl\u00e9mentaire offerte par le fonds d\u2019assurance de l\u2019OAQ. De son c\u00f4t\u00e9, l\u2019architecte qui a le mandat de concevoir le b\u00e2timent doit s\u2019assurer que le contrat entre le constructeur et le client  est bel et bien de type cl\u00e9s en main. \u00c0 cet effet, consultez l\u2019article \u00ab\u2009<a href=\"https:\/\/www.oaq.com\/devoirs-de-larchitecte\/formation-continue\/aide-a-la-pratique\/contrats-quest-ce-quun-projet-cles-en-main\/\" target=\"_blank\" rel=\"noreferrer noopener\">Contrats&nbsp;: qu\u2019est-ce qu\u2019un projet cl\u00e9s en main\u2009?<\/a><strong>\u2009\u00bb<\/strong>. De plus, m\u00eame si le constructeur est son client, l\u2019architecte doit sauvegarder son ind\u00e9pen\u00addance professionnelle. Ainsi, il ou elle doit refuser de se plier \u00e0 des demandes qui sont contraires aux codes et normes en vigueur ou encore aux r\u00e8gles de l\u2019art pr\u00e9valentes dans la profession.<\/p>\n\n\n\n<h2 class=\"wp-block-heading\"><strong>3. Dans le cas d\u2019un b\u00e2timent assujetti\u00a0\u00e0 la Loi, <strong>est-ce que l\u2019architecte peut revoir des pr\u00e9tendus dessins d\u2019atelier r\u00e9alis\u00e9s par un constructeur si ceux-ci n\u2019ont pas \u00e9t\u00e9 pr\u00e9par\u00e9s sur la base de plans et devis eux-m\u00eames pr\u00e9par\u00e9s par un architecte<\/strong>\u2009?<\/strong><\/h2>\n\n\n\n<p><strong>Non.<\/strong> L\u2019architecte qui accepterait un tel mandat enfreindrait le <a href=\"https:\/\/www.legisquebec.gouv.qc.ca\/fr\/document\/rc\/A-21,%20r.%205.1%20\/\" target=\"_blank\" rel=\"noreferrer noopener\">Code de d\u00e9on\u00adtologie<\/a>. Il faut savoir qu\u2019un constructeur qui concevrait un b\u00e2timent assujetti \u00e0&nbsp;la Loi exercerait ill\u00e9galement la profession d\u2019architecte. Donc, le fait pour l\u2019architecte de revoir les dessins d\u2019atelier de ce b\u00e2timent le ou la placerait en situation de complicit\u00e9 en vertu de l\u2019article&nbsp;59.2 du Code.<\/p>\n\n\n\n<h2 class=\"wp-block-heading\"><strong>4. Dans le cas d\u2019un b\u00e2timent assujetti \u00e0 la Loi, est-ce qu\u2019un client peut mandater l\u2019architecte pour pr\u00e9parer les plans d\u2019un b\u00e2timent pr\u00e9fabriqu\u00e9 \u00e0 partir&nbsp;du concept propos\u00e9 par un constructeur\u2009?<\/strong><\/h2>\n\n\n\n<p><strong>Oui, mais\u2026<\/strong> L\u2019architecte doit s\u2019assurer de refaire l\u2019ensemble du processus intellectuel de conception. La v\u00e9rification d\u2019un concept ou de documents pr\u00e9alablement produits par des non-architectes ne sera jamais suffisante, aussi exhaustive soit-elle. L\u2019archi\u00adtecte qui s\u2019en contenterait pourrait se placer en situation de \u00ab\u2009sceau de complaisance\u2009\u00bb et, donc, en contravention de l\u2019article&nbsp;29 du <a href=\"https:\/\/www.legisquebec.gouv.qc.ca\/fr\/document\/rc\/A-21,%20r.%205.1\" target=\"_blank\" rel=\"noreferrer noopener\">Code de d\u00e9ontologie<\/a>. Pour en savoir plus sur les modalit\u00e9s de reprise de projet, consultez l\u2019article \u00ab\u2009<a href=\"https:\/\/www.oaq.com\/devoirs-de-larchitecte\/formation-continue\/aide-a-la-pratique\/devoirs-architecte-transfert-dossier\" target=\"_blank\" rel=\"noreferrer noopener\">Vos devoirs en cas de transfert de dossier<\/a>\u2009\u00bb.<\/p>\n\n\n\n<h2 class=\"wp-block-heading\"><strong>5. Est-ce que l\u2019architecte mandat\u00e9 par son client peut concevoir un b\u00e2timent \u00e0 partir de composantes pr\u00e9fabriqu\u00e9es ou selon des d\u00e9tails types provenant d\u2019un constructeur\u2009?<\/strong><\/h2>\n\n\n\n<p><strong>Oui. <\/strong>Au m\u00eame titre que l\u2019architecte assem\u00adble diff\u00e9rentes composantes dans un projet traditionnel (fenestration, isolation, syst\u00e8me d\u2019\u00e9tanch\u00e9it\u00e9, etc.), il ou elle peut travailler de concert avec un constructeur pour \u00e9labo\u00adrer les plans et devis d\u2019un futur b\u00e2ti\u00adment. Comme toujours, il est capital que l\u2019archi\u00adtecte pr\u00e9serve son ind\u00e9pendance profession\u00adnelle et apporte tous les ajuste\u00adments n\u00e9cessaires aux \u00e9l\u00e9ments de r\u00e9f\u00e9rence.&nbsp;<\/p>\n\n\n\n<p>En r\u00e9sum\u00e9, les architectes peuvent tr\u00e8s bien participer \u00e0 des projets recourant \u00e0 la pr\u00e9fabrication. Cela ne doit toutefois pas \u00e9clipser leur r\u00f4le de conception, qui a pour but la production de b\u00e2timents s\u00e9curitaires et adapt\u00e9s aux besoins exprim\u00e9s dans la commande. <\/p>\n","protected":false},"excerpt":{"rendered":"<p>De plus en plus d\u2019entreprises offrent des solutions pr\u00e9fabriqu\u00e9es pour la r\u00e9alisation de b\u00e2timents. Les architectes peuvent bien s\u00fbr contribuer \u00e0 de tels projets, \u00e0 condition de respecter la r\u00e9glementation en vigueur. Tour d\u2019horizon.<\/p>\n","protected":false},"author":1,"featured_media":672,"comment_status":"closed","ping_status":"open","sticky":false,"template":"","format":"standard","meta":{"_acf_changed":false,"_relevanssi_hide_post":"","_relevanssi_hide_content":"","_relevanssi_pin_for_all":"on","_relevanssi_pin_keywords":"","_relevanssi_unpin_keywords":"","_relevanssi_related_keywords":"","_relevanssi_related_include_ids":"","_relevanssi_related_exclude_ids":"","_relevanssi_related_no_append":"","_relevanssi_related_not_related":"","_relevanssi_related_posts":"","_relevanssi_noindex_reason":"","footnotes":""},"tags":[],"publication-type":[86],"subject":[67,29],"class_list":["post-671","post","type-post","status-publish","format-standard","has-post-thumbnail","hentry","publication-type-article","subject-deontologie","subject-lois-et-reglements"],"acf":[],"yoast_head":"<!-- This site is optimized with the Yoast SEO plugin v27.2 - https:\/\/yoast.com\/product\/yoast-seo-wordpress\/ -->\n<title>Des balises pour la pr\u00e9fabrication - Espace Ressources<\/title>\n<meta name=\"robots\" content=\"index, follow, max-snippet:-1, max-image-preview:large, max-video-preview:-1\" \/>\n<link rel=\"canonical\" href=\"https:\/\/www.oaq.com\/ressources\/publications-ordre\/des-balises-pour-la-prefabrication\/\" \/>\n<meta property=\"og:locale\" content=\"fr_CA\" \/>\n<meta property=\"og:type\" content=\"article\" \/>\n<meta property=\"og:title\" content=\"Des balises pour la pr\u00e9fabrication - Espace Ressources\" \/>\n<meta property=\"og:description\" content=\"De plus en plus d\u2019entreprises offrent des solutions pr\u00e9fabriqu\u00e9es pour la r\u00e9alisation de b\u00e2timents. Les architectes peuvent bien s\u00fbr contribuer \u00e0 de tels projets, \u00e0 condition de respecter la r\u00e9glementation en vigueur. Tour d\u2019horizon.\" \/>\n<meta property=\"og:url\" content=\"https:\/\/www.oaq.com\/ressources\/publications-ordre\/des-balises-pour-la-prefabrication\/\" \/>\n<meta property=\"og:site_name\" content=\"Espace Ressources\" \/>\n<meta property=\"article:published_time\" content=\"2024-03-15T22:58:51+00:00\" \/>\n<meta property=\"article:modified_time\" content=\"2026-02-11T18:46:38+00:00\" \/>\n<meta property=\"og:image\" content=\"https:\/\/www.oaq.com\/ressources\/wp-content\/uploads\/sites\/2\/2025\/12\/AdobeStock_prefab-low.jpeg\" \/>\n\t<meta property=\"og:image:width\" content=\"900\" \/>\n\t<meta property=\"og:image:height\" content=\"600\" \/>\n\t<meta property=\"og:image:type\" content=\"image\/jpeg\" \/>\n<meta name=\"author\" content=\"vortexf\" \/>\n<meta name=\"twitter:card\" content=\"summary_large_image\" \/>\n<meta name=\"twitter:label1\" content=\"\u00c9crit par\" \/>\n\t<meta name=\"twitter:data1\" content=\"vortexf\" \/>\n\t<meta name=\"twitter:label2\" content=\"Estimation du temps de lecture\" \/>\n\t<meta name=\"twitter:data2\" content=\"5 minutes\" \/>\n<script type=\"application\/ld+json\" class=\"yoast-schema-graph\">{\"@context\":\"https:\/\/schema.org\",\"@graph\":[{\"@type\":\"Article\",\"@id\":\"https:\/\/www.oaq.com\/ressources\/publications-ordre\/des-balises-pour-la-prefabrication\/#article\",\"isPartOf\":{\"@id\":\"https:\/\/www.oaq.com\/ressources\/publications-ordre\/des-balises-pour-la-prefabrication\/\"},\"author\":{\"name\":\"vortexf\",\"@id\":\"https:\/\/www.oaq.com\/ressources\/#\/schema\/person\/4d2bb0caa1e03965db152049d24ce045\"},\"headline\":\"Des balises pour la pr\u00e9fabrication\",\"datePublished\":\"2024-03-15T22:58:51+00:00\",\"dateModified\":\"2026-02-11T18:46:38+00:00\",\"mainEntityOfPage\":{\"@id\":\"https:\/\/www.oaq.com\/ressources\/publications-ordre\/des-balises-pour-la-prefabrication\/\"},\"wordCount\":910,\"image\":{\"@id\":\"https:\/\/www.oaq.com\/ressources\/publications-ordre\/des-balises-pour-la-prefabrication\/#primaryimage\"},\"thumbnailUrl\":\"https:\/\/www.oaq.com\/ressources\/wp-content\/uploads\/sites\/2\/2025\/12\/AdobeStock_prefab-low.jpeg\",\"inLanguage\":\"fr-CA\"},{\"@type\":\"WebPage\",\"@id\":\"https:\/\/www.oaq.com\/ressources\/publications-ordre\/des-balises-pour-la-prefabrication\/\",\"url\":\"https:\/\/www.oaq.com\/ressources\/publications-ordre\/des-balises-pour-la-prefabrication\/\",\"name\":\"Des balises pour la pr\u00e9fabrication - Espace Ressources\",\"isPartOf\":{\"@id\":\"https:\/\/www.oaq.com\/ressources\/#website\"},\"primaryImageOfPage\":{\"@id\":\"https:\/\/www.oaq.com\/ressources\/publications-ordre\/des-balises-pour-la-prefabrication\/#primaryimage\"},\"image\":{\"@id\":\"https:\/\/www.oaq.com\/ressources\/publications-ordre\/des-balises-pour-la-prefabrication\/#primaryimage\"},\"thumbnailUrl\":\"https:\/\/www.oaq.com\/ressources\/wp-content\/uploads\/sites\/2\/2025\/12\/AdobeStock_prefab-low.jpeg\",\"datePublished\":\"2024-03-15T22:58:51+00:00\",\"dateModified\":\"2026-02-11T18:46:38+00:00\",\"author\":{\"@id\":\"https:\/\/www.oaq.com\/ressources\/#\/schema\/person\/4d2bb0caa1e03965db152049d24ce045\"},\"breadcrumb\":{\"@id\":\"https:\/\/www.oaq.com\/ressources\/publications-ordre\/des-balises-pour-la-prefabrication\/#breadcrumb\"},\"inLanguage\":\"fr-CA\",\"potentialAction\":[{\"@type\":\"ReadAction\",\"target\":[\"https:\/\/www.oaq.com\/ressources\/publications-ordre\/des-balises-pour-la-prefabrication\/\"]}]},{\"@type\":\"ImageObject\",\"inLanguage\":\"fr-CA\",\"@id\":\"https:\/\/www.oaq.com\/ressources\/publications-ordre\/des-balises-pour-la-prefabrication\/#primaryimage\",\"url\":\"https:\/\/www.oaq.com\/ressources\/wp-content\/uploads\/sites\/2\/2025\/12\/AdobeStock_prefab-low.jpeg\",\"contentUrl\":\"https:\/\/www.oaq.com\/ressources\/wp-content\/uploads\/sites\/2\/2025\/12\/AdobeStock_prefab-low.jpeg\",\"width\":900,\"height\":600},{\"@type\":\"BreadcrumbList\",\"@id\":\"https:\/\/www.oaq.com\/ressources\/publications-ordre\/des-balises-pour-la-prefabrication\/#breadcrumb\",\"itemListElement\":[{\"@type\":\"ListItem\",\"position\":1,\"name\":\"Accueil\",\"item\":\"https:\/\/www.oaq.com\/ressources\/\"},{\"@type\":\"ListItem\",\"position\":2,\"name\":\"Des balises pour la pr\u00e9fabrication\"}]},{\"@type\":\"WebSite\",\"@id\":\"https:\/\/www.oaq.com\/ressources\/#website\",\"url\":\"https:\/\/www.oaq.com\/ressources\/\",\"name\":\"Espace Ressources\",\"description\":\"\",\"potentialAction\":[{\"@type\":\"SearchAction\",\"target\":{\"@type\":\"EntryPoint\",\"urlTemplate\":\"https:\/\/www.oaq.com\/ressources\/?s={search_term_string}\"},\"query-input\":{\"@type\":\"PropertyValueSpecification\",\"valueRequired\":true,\"valueName\":\"search_term_string\"}}],\"inLanguage\":\"fr-CA\"},{\"@type\":\"Person\",\"@id\":\"https:\/\/www.oaq.com\/ressources\/#\/schema\/person\/4d2bb0caa1e03965db152049d24ce045\",\"name\":\"vortexf\",\"image\":{\"@type\":\"ImageObject\",\"inLanguage\":\"fr-CA\",\"@id\":\"https:\/\/secure.gravatar.com\/avatar\/23590c744a3b7c47c9ac42238b245df984cebf357111e4952aa03b011375b788?s=96&d=mm&r=g\",\"url\":\"https:\/\/secure.gravatar.com\/avatar\/23590c744a3b7c47c9ac42238b245df984cebf357111e4952aa03b011375b788?s=96&d=mm&r=g\",\"contentUrl\":\"https:\/\/secure.gravatar.com\/avatar\/23590c744a3b7c47c9ac42238b245df984cebf357111e4952aa03b011375b788?s=96&d=mm&r=g\",\"caption\":\"vortexf\"},\"url\":\"https:\/\/www.oaq.com\/ressources\/author\/vortexf\/\"}]}<\/script>\n<!-- \/ Yoast SEO plugin. -->","yoast_head_json":{"title":"Des balises pour la pr\u00e9fabrication - Espace Ressources","robots":{"index":"index","follow":"follow","max-snippet":"max-snippet:-1","max-image-preview":"max-image-preview:large","max-video-preview":"max-video-preview:-1"},"canonical":"https:\/\/www.oaq.com\/ressources\/publications-ordre\/des-balises-pour-la-prefabrication\/","og_locale":"fr_CA","og_type":"article","og_title":"Des balises pour la pr\u00e9fabrication - Espace Ressources","og_description":"De plus en plus d\u2019entreprises offrent des solutions pr\u00e9fabriqu\u00e9es pour la r\u00e9alisation de b\u00e2timents. Les architectes peuvent bien s\u00fbr contribuer \u00e0 de tels projets, \u00e0 condition de respecter la r\u00e9glementation en vigueur. Tour d\u2019horizon.","og_url":"https:\/\/www.oaq.com\/ressources\/publications-ordre\/des-balises-pour-la-prefabrication\/","og_site_name":"Espace Ressources","article_published_time":"2024-03-15T22:58:51+00:00","article_modified_time":"2026-02-11T18:46:38+00:00","og_image":[{"width":900,"height":600,"url":"https:\/\/www.oaq.com\/ressources\/wp-content\/uploads\/sites\/2\/2025\/12\/AdobeStock_prefab-low.jpeg","type":"image\/jpeg"}],"author":"vortexf","twitter_card":"summary_large_image","twitter_misc":{"\u00c9crit par":"vortexf","Estimation du temps de lecture":"5 minutes"},"schema":{"@context":"https:\/\/schema.org","@graph":[{"@type":"Article","@id":"https:\/\/www.oaq.com\/ressources\/publications-ordre\/des-balises-pour-la-prefabrication\/#article","isPartOf":{"@id":"https:\/\/www.oaq.com\/ressources\/publications-ordre\/des-balises-pour-la-prefabrication\/"},"author":{"name":"vortexf","@id":"https:\/\/www.oaq.com\/ressources\/#\/schema\/person\/4d2bb0caa1e03965db152049d24ce045"},"headline":"Des balises pour la pr\u00e9fabrication","datePublished":"2024-03-15T22:58:51+00:00","dateModified":"2026-02-11T18:46:38+00:00","mainEntityOfPage":{"@id":"https:\/\/www.oaq.com\/ressources\/publications-ordre\/des-balises-pour-la-prefabrication\/"},"wordCount":910,"image":{"@id":"https:\/\/www.oaq.com\/ressources\/publications-ordre\/des-balises-pour-la-prefabrication\/#primaryimage"},"thumbnailUrl":"https:\/\/www.oaq.com\/ressources\/wp-content\/uploads\/sites\/2\/2025\/12\/AdobeStock_prefab-low.jpeg","inLanguage":"fr-CA"},{"@type":"WebPage","@id":"https:\/\/www.oaq.com\/ressources\/publications-ordre\/des-balises-pour-la-prefabrication\/","url":"https:\/\/www.oaq.com\/ressources\/publications-ordre\/des-balises-pour-la-prefabrication\/","name":"Des balises pour la pr\u00e9fabrication - Espace Ressources","isPartOf":{"@id":"https:\/\/www.oaq.com\/ressources\/#website"},"primaryImageOfPage":{"@id":"https:\/\/www.oaq.com\/ressources\/publications-ordre\/des-balises-pour-la-prefabrication\/#primaryimage"},"image":{"@id":"https:\/\/www.oaq.com\/ressources\/publications-ordre\/des-balises-pour-la-prefabrication\/#primaryimage"},"thumbnailUrl":"https:\/\/www.oaq.com\/ressources\/wp-content\/uploads\/sites\/2\/2025\/12\/AdobeStock_prefab-low.jpeg","datePublished":"2024-03-15T22:58:51+00:00","dateModified":"2026-02-11T18:46:38+00:00","author":{"@id":"https:\/\/www.oaq.com\/ressources\/#\/schema\/person\/4d2bb0caa1e03965db152049d24ce045"},"breadcrumb":{"@id":"https:\/\/www.oaq.com\/ressources\/publications-ordre\/des-balises-pour-la-prefabrication\/#breadcrumb"},"inLanguage":"fr-CA","potentialAction":[{"@type":"ReadAction","target":["https:\/\/www.oaq.com\/ressources\/publications-ordre\/des-balises-pour-la-prefabrication\/"]}]},{"@type":"ImageObject","inLanguage":"fr-CA","@id":"https:\/\/www.oaq.com\/ressources\/publications-ordre\/des-balises-pour-la-prefabrication\/#primaryimage","url":"https:\/\/www.oaq.com\/ressources\/wp-content\/uploads\/sites\/2\/2025\/12\/AdobeStock_prefab-low.jpeg","contentUrl":"https:\/\/www.oaq.com\/ressources\/wp-content\/uploads\/sites\/2\/2025\/12\/AdobeStock_prefab-low.jpeg","width":900,"height":600},{"@type":"BreadcrumbList","@id":"https:\/\/www.oaq.com\/ressources\/publications-ordre\/des-balises-pour-la-prefabrication\/#breadcrumb","itemListElement":[{"@type":"ListItem","position":1,"name":"Accueil","item":"https:\/\/www.oaq.com\/ressources\/"},{"@type":"ListItem","position":2,"name":"Des balises pour la pr\u00e9fabrication"}]},{"@type":"WebSite","@id":"https:\/\/www.oaq.com\/ressources\/#website","url":"https:\/\/www.oaq.com\/ressources\/","name":"Espace Ressources","description":"","potentialAction":[{"@type":"SearchAction","target":{"@type":"EntryPoint","urlTemplate":"https:\/\/www.oaq.com\/ressources\/?s={search_term_string}"},"query-input":{"@type":"PropertyValueSpecification","valueRequired":true,"valueName":"search_term_string"}}],"inLanguage":"fr-CA"},{"@type":"Person","@id":"https:\/\/www.oaq.com\/ressources\/#\/schema\/person\/4d2bb0caa1e03965db152049d24ce045","name":"vortexf","image":{"@type":"ImageObject","inLanguage":"fr-CA","@id":"https:\/\/secure.gravatar.com\/avatar\/23590c744a3b7c47c9ac42238b245df984cebf357111e4952aa03b011375b788?s=96&d=mm&r=g","url":"https:\/\/secure.gravatar.com\/avatar\/23590c744a3b7c47c9ac42238b245df984cebf357111e4952aa03b011375b788?s=96&d=mm&r=g","contentUrl":"https:\/\/secure.gravatar.com\/avatar\/23590c744a3b7c47c9ac42238b245df984cebf357111e4952aa03b011375b788?s=96&d=mm&r=g","caption":"vortexf"},"url":"https:\/\/www.oaq.com\/ressources\/author\/vortexf\/"}]}},"_links":{"self":[{"href":"https:\/\/www.oaq.com\/ressources\/wp-json\/wp\/v2\/posts\/671","targetHints":{"allow":["GET"]}}],"collection":[{"href":"https:\/\/www.oaq.com\/ressources\/wp-json\/wp\/v2\/posts"}],"about":[{"href":"https:\/\/www.oaq.com\/ressources\/wp-json\/wp\/v2\/types\/post"}],"author":[{"embeddable":true,"href":"https:\/\/www.oaq.com\/ressources\/wp-json\/wp\/v2\/users\/1"}],"replies":[{"embeddable":true,"href":"https:\/\/www.oaq.com\/ressources\/wp-json\/wp\/v2\/comments?post=671"}],"version-history":[{"count":2,"href":"https:\/\/www.oaq.com\/ressources\/wp-json\/wp\/v2\/posts\/671\/revisions"}],"predecessor-version":[{"id":1499,"href":"https:\/\/www.oaq.com\/ressources\/wp-json\/wp\/v2\/posts\/671\/revisions\/1499"}],"wp:featuredmedia":[{"embeddable":true,"href":"https:\/\/www.oaq.com\/ressources\/wp-json\/wp\/v2\/media\/672"}],"wp:attachment":[{"href":"https:\/\/www.oaq.com\/ressources\/wp-json\/wp\/v2\/media?parent=671"}],"wp:term":[{"taxonomy":"post_tag","embeddable":true,"href":"https:\/\/www.oaq.com\/ressources\/wp-json\/wp\/v2\/tags?post=671"},{"taxonomy":"publication-type","embeddable":true,"href":"https:\/\/www.oaq.com\/ressources\/wp-json\/wp\/v2\/publication-type?post=671"},{"taxonomy":"subject","embeddable":true,"href":"https:\/\/www.oaq.com\/ressources\/wp-json\/wp\/v2\/subject?post=671"}],"curies":[{"name":"wp","href":"https:\/\/api.w.org\/{rel}","templated":true}]}}