{"id":675,"date":"2024-03-15T19:31:52","date_gmt":"2024-03-15T23:31:52","guid":{"rendered":"https:\/\/www.oaq.com\/ressources\/publications-de-loaq\/comprendre-la-police-complementaire\/"},"modified":"2026-02-27T14:46:22","modified_gmt":"2026-02-27T19:46:22","slug":"comprendre-la-police-complementaire","status":"publish","type":"post","link":"https:\/\/www.oaq.com\/ressources\/publications-ordre\/comprendre-la-police-complementaire\/","title":{"rendered":"Comprendre la police compl\u00e9mentaire"},"content":{"rendered":"\n<p>En \u00e9tudiant attentivement les conditions, les limites de couverture et les exclusions de la police compl\u00e9mentaire, les architectes peuvent mieux appr\u00e9hender leur responsabilit\u00e9 et anticiper les situations risqu\u00e9es. Voici un aper\u00e7u de ce qu\u2019il faut savoir.<\/p>\n\n\n\n<h2 class=\"wp-block-heading\">Qu\u2019est-ce que la police d\u2019assurance compl\u00e9mentaire\u2009?<\/h2>\n\n\n\n<p>Les membres de l\u2019OAQ exer\u00e7ant en pratique priv\u00e9e sont tenus de souscrire cette assurance compl\u00e9mentaire aupr\u00e8s de la direction du fonds d\u2019assurance. Essentiellement, il s\u2019agit d\u2019une assurance de premi\u00e8re ligne visant \u00e0 couvrir les r\u00e9clamations pour des dommages d\u00e9coulant de fautes commises dans le cadre des services professionnels. Elle garantit le remboursement des sommes dues \u00e0 des tiers jusqu\u2019\u00e0 concurrence des limites sp\u00e9cifi\u00e9es.<\/p>\n\n\n\n<p>\u00c0 cet effet, la police compl\u00e9mentaire pr\u00e9cise ce qui suit&nbsp;: <\/p>\n\n\n\n<blockquote class=\"wp-block-quote is-layout-flow wp-block-quote-is-layout-flow\">\n<p><strong><em>Chapitre II \u2013 Nature et \u00e9tendue de la garantie<\/em><\/strong><\/p>\n\n\n\n<p><em>[\u2026] nous nous engageons \u00e0 payer pour votre compte, jusqu\u2019\u00e0 concurrence des limites inscrites aux CONDITIONS PARTICULI\u00c8RES, les sommes que vous pourriez \u00eatre tenu de verser \u00e0 des tiers en raison de Dommages d\u00e9coulant d\u2019une faute commise dans le cadre des Services professionnels.<\/em><\/p>\n<\/blockquote>\n\n\n\n<p>Cette assurance est dite de premi\u00e8re ligne, car en plus de la garantie pr\u00e9c\u00e9demment mentionn\u00e9e, la direction du fonds d\u2019assurance doit \u00e9galement assumer la d\u00e9fense des architectes dans le cadre des r\u00e9clamations qui leur sont pr\u00e9sent\u00e9es. Notons que les assureurs exc\u00e9dentaires, c\u2019est-\u00e0-dire ceux qui interviennent quand les limites de l\u2019assurance de premi\u00e8re ligne sont \u00e9puis\u00e9es, n\u2019ont pas cette obligation.<\/p>\n\n\n\n<p>Il est primordial de souligner que cette couverture s\u2019applique uniquement dans le cadre de contrats de services professionnels conclus avec des tiers. Par exemple, un architecte concevant un immeuble pour son usage personnel n\u2019agirait pas dans le cadre des services professionnels. Il ne b\u00e9n\u00e9ficierait d\u2019aucune couverture \u00e0 cet \u00e9gard. De m\u00eame, si ce b\u00e2timent \u00e9tait ensuite vendu \u00e0 une tierce personne et que cette personne r\u00e9clamait des dommages pour un d\u00e9faut de conception, aucune couverture ne serait offerte. Les sommes r\u00e9clam\u00e9es feraient alors l\u2019objet d\u2019une exclusion (\u00ab\u2009Exclusion relative aux dommages caus\u00e9s \u00e0 un bien dont l\u2019architecte est ou a \u00e9t\u00e9 propri\u00e9taire, seul ou avec d\u2019autres\u2009\u00bb).<\/p>\n\n\n\n<h2 class=\"wp-block-heading\">La d\u00e9finition des services professionnels<\/h2>\n\n\n\n<p>Bien que la notion de services professionnels vous soit famili\u00e8re, il est important de comprendre ce qu\u2019elle signifie dans le contexte de la police compl\u00e9mentaire puisqu\u2019elle en d\u00e9limite le cadre. De plus, elle est intimement li\u00e9e \u00e0 la capacit\u00e9 de l\u2019Ordre d\u2019offrir de l\u2019assurance \u00e0 ses membres. La police compl\u00e9mentaire la d\u00e9finit comme suit&nbsp;:<\/p>\n\n\n\n<blockquote class=\"wp-block-quote is-layout-flow wp-block-quote-is-layout-flow\">\n<p><em><strong><em>1.15. Services professionnels <\/em><\/strong><\/em><\/p>\n\n\n\n<p><em>Tous les services qui ont \u00e9t\u00e9 rendus ou qui auraient d\u00fb l\u2019\u00eatre \u00e0 des tiers par l\u2019Assur\u00e9, directement ou indirectement sous sa direction, dans le seul exercice de la profession d\u2019architecte, en tant que membre en r\u00e8gle de l\u2019Ordre des architectes du Qu\u00e9bec et pendant qu\u2019il n\u2019\u00e9tait pas exempt\u00e9 de l\u2019obligation de souscrire au Fonds et qu\u2019il \u00e9tait d\u00fbment autoris\u00e9 par l\u2019Ordre des architectes du Qu\u00e9bec \u00e0 exercer sa profession.<\/em><\/p>\n<\/blockquote>\n\n\n\n<p>Concr\u00e8tement, les services professionnels impliquent la conception, la planification, la supervision et la coordination de projets architecturaux. Pour \u00eatre couverts, ils doivent \u00eatre intimement li\u00e9s \u00e0 l\u2019exercice de la profession d\u2019architecte.<\/p>\n\n\n\n<p>Il est important de mentionner que certains actes pos\u00e9s par les architectes ne rel\u00e8vent pas de cette d\u00e9finition. C\u2019est le cas, par exemple, de la conception et de la vente de mobilier. Bien que ces aspects contribuent \u00e0 l\u2019environnement b\u00e2ti, ils sont distincts du mandat professionnel d\u2019architecture.<\/p>\n\n\n\n<p>Il faut aussi noter que la police compl\u00e9mentaire accorde une garantie \u00e0 l\u2019architecte m\u00eame lorsque sa responsabilit\u00e9 est mise en cause en raison de la faute commise par un ing\u00e9nieur dont il ou elle a retenu les services. Cette exception suppose cependant que le contrat intervenu entre l\u2019architecte et l\u2019ing\u00e9nieur s\u2019inscrit dans le cadre g\u00e9n\u00e9ral d\u2019un contrat de services professionnels relevant de l\u2019architecture.<\/p>\n\n\n\n<h2 class=\"wp-block-heading\">Lisez bien votre police\u2009!<\/h2>\n\n\n\n<p>Prenez le temps de vous familiariser avec la nature et les limites de votre police d\u2019assurance compl\u00e9mentaire afin d\u2019exercer la profession en toute connaissance de cause. Bien comprendre les conditions de cette assurance est un gage de s\u00e9r\u00e9nit\u00e9 et de professionnalisme pour quiconque participe \u00e0 un projet architectural au Qu\u00e9bec.<\/p>\n\n\n\n<p>Pour toute question, communiquez avec l\u2019\u00e9quipe de la direction du fonds d\u2019assurance de l\u2019OAQ. <\/p>\n","protected":false},"excerpt":{"rendered":"<p>La police compl\u00e9mentaire de la direction du fonds d\u2019assurance, bien que souscrite par un grand nombre d\u2019architectes, est souvent m\u00e9connue. Cette police d\u2019assurance est essentielle pour prot\u00e9ger les architectes et leur client\u00e8le. La comprendre peut \u00e9viter bien des surprises d\u00e9sagr\u00e9ables.<\/p>\n","protected":false},"author":1,"featured_media":676,"comment_status":"closed","ping_status":"open","sticky":false,"template":"","format":"standard","meta":{"_acf_changed":false,"_relevanssi_hide_post":"","_relevanssi_hide_content":"","_relevanssi_pin_for_all":"","_relevanssi_pin_keywords":"","_relevanssi_unpin_keywords":"","_relevanssi_related_keywords":"","_relevanssi_related_include_ids":"","_relevanssi_related_exclude_ids":"","_relevanssi_related_no_append":"","_relevanssi_related_not_related":"","_relevanssi_related_posts":"671,648,665,576,559,662","_relevanssi_noindex_reason":"","footnotes":""},"tags":[],"publication-type":[86],"subject":[74],"class_list":["post-675","post","type-post","status-publish","format-standard","has-post-thumbnail","hentry","publication-type-article","subject-responsabilite-professionnelle"],"acf":[],"yoast_head":"<!-- This site is optimized with the Yoast SEO plugin v27.2 - https:\/\/yoast.com\/product\/yoast-seo-wordpress\/ -->\n<title>Comprendre la police compl\u00e9mentaire - Espace Ressources<\/title>\n<meta name=\"robots\" content=\"index, follow, max-snippet:-1, max-image-preview:large, max-video-preview:-1\" \/>\n<link rel=\"canonical\" href=\"https:\/\/www.oaq.com\/ressources\/publications-ordre\/comprendre-la-police-complementaire\/\" \/>\n<meta property=\"og:locale\" content=\"fr_CA\" \/>\n<meta property=\"og:type\" content=\"article\" \/>\n<meta property=\"og:title\" content=\"Comprendre la police compl\u00e9mentaire - Espace Ressources\" \/>\n<meta property=\"og:description\" content=\"La police compl\u00e9mentaire de la direction du fonds d\u2019assurance, bien que souscrite par un grand nombre d\u2019architectes, est souvent m\u00e9connue. Cette police d\u2019assurance est essentielle pour prot\u00e9ger les architectes et leur client\u00e8le. La comprendre peut \u00e9viter bien des surprises d\u00e9sagr\u00e9ables.\" \/>\n<meta property=\"og:url\" content=\"https:\/\/www.oaq.com\/ressources\/publications-ordre\/comprendre-la-police-complementaire\/\" \/>\n<meta property=\"og:site_name\" content=\"Espace Ressources\" \/>\n<meta property=\"article:published_time\" content=\"2024-03-15T23:31:52+00:00\" \/>\n<meta property=\"article:modified_time\" content=\"2026-02-27T19:46:22+00:00\" \/>\n<meta property=\"og:image\" content=\"https:\/\/www.oaq.com\/ressources\/wp-content\/uploads\/sites\/2\/2025\/12\/Police-complementaire-low-e1710530980407.jpg\" \/>\n\t<meta property=\"og:image:width\" content=\"800\" \/>\n\t<meta property=\"og:image:height\" content=\"580\" \/>\n\t<meta property=\"og:image:type\" content=\"image\/jpeg\" \/>\n<meta name=\"author\" content=\"vortexf\" \/>\n<meta name=\"twitter:card\" content=\"summary_large_image\" \/>\n<meta name=\"twitter:label1\" content=\"\u00c9crit par\" \/>\n\t<meta name=\"twitter:data1\" content=\"vortexf\" \/>\n\t<meta name=\"twitter:label2\" content=\"Estimation du temps de lecture\" \/>\n\t<meta name=\"twitter:data2\" content=\"4 minutes\" \/>\n<script type=\"application\/ld+json\" class=\"yoast-schema-graph\">{\"@context\":\"https:\/\/schema.org\",\"@graph\":[{\"@type\":\"Article\",\"@id\":\"https:\/\/www.oaq.com\/ressources\/publications-ordre\/comprendre-la-police-complementaire\/#article\",\"isPartOf\":{\"@id\":\"https:\/\/www.oaq.com\/ressources\/publications-ordre\/comprendre-la-police-complementaire\/\"},\"author\":{\"name\":\"vortexf\",\"@id\":\"https:\/\/www.oaq.com\/ressources\/#\/schema\/person\/4d2bb0caa1e03965db152049d24ce045\"},\"headline\":\"Comprendre la police compl\u00e9mentaire\",\"datePublished\":\"2024-03-15T23:31:52+00:00\",\"dateModified\":\"2026-02-27T19:46:22+00:00\",\"mainEntityOfPage\":{\"@id\":\"https:\/\/www.oaq.com\/ressources\/publications-ordre\/comprendre-la-police-complementaire\/\"},\"wordCount\":776,\"image\":{\"@id\":\"https:\/\/www.oaq.com\/ressources\/publications-ordre\/comprendre-la-police-complementaire\/#primaryimage\"},\"thumbnailUrl\":\"https:\/\/www.oaq.com\/ressources\/wp-content\/uploads\/sites\/2\/2025\/12\/Police-complementaire-low-e1710530980407.jpg\",\"inLanguage\":\"fr-CA\"},{\"@type\":\"WebPage\",\"@id\":\"https:\/\/www.oaq.com\/ressources\/publications-ordre\/comprendre-la-police-complementaire\/\",\"url\":\"https:\/\/www.oaq.com\/ressources\/publications-ordre\/comprendre-la-police-complementaire\/\",\"name\":\"Comprendre la police compl\u00e9mentaire - Espace Ressources\",\"isPartOf\":{\"@id\":\"https:\/\/www.oaq.com\/ressources\/#website\"},\"primaryImageOfPage\":{\"@id\":\"https:\/\/www.oaq.com\/ressources\/publications-ordre\/comprendre-la-police-complementaire\/#primaryimage\"},\"image\":{\"@id\":\"https:\/\/www.oaq.com\/ressources\/publications-ordre\/comprendre-la-police-complementaire\/#primaryimage\"},\"thumbnailUrl\":\"https:\/\/www.oaq.com\/ressources\/wp-content\/uploads\/sites\/2\/2025\/12\/Police-complementaire-low-e1710530980407.jpg\",\"datePublished\":\"2024-03-15T23:31:52+00:00\",\"dateModified\":\"2026-02-27T19:46:22+00:00\",\"author\":{\"@id\":\"https:\/\/www.oaq.com\/ressources\/#\/schema\/person\/4d2bb0caa1e03965db152049d24ce045\"},\"breadcrumb\":{\"@id\":\"https:\/\/www.oaq.com\/ressources\/publications-ordre\/comprendre-la-police-complementaire\/#breadcrumb\"},\"inLanguage\":\"fr-CA\",\"potentialAction\":[{\"@type\":\"ReadAction\",\"target\":[\"https:\/\/www.oaq.com\/ressources\/publications-ordre\/comprendre-la-police-complementaire\/\"]}]},{\"@type\":\"ImageObject\",\"inLanguage\":\"fr-CA\",\"@id\":\"https:\/\/www.oaq.com\/ressources\/publications-ordre\/comprendre-la-police-complementaire\/#primaryimage\",\"url\":\"https:\/\/www.oaq.com\/ressources\/wp-content\/uploads\/sites\/2\/2025\/12\/Police-complementaire-low-e1710530980407.jpg\",\"contentUrl\":\"https:\/\/www.oaq.com\/ressources\/wp-content\/uploads\/sites\/2\/2025\/12\/Police-complementaire-low-e1710530980407.jpg\",\"width\":800,\"height\":580},{\"@type\":\"BreadcrumbList\",\"@id\":\"https:\/\/www.oaq.com\/ressources\/publications-ordre\/comprendre-la-police-complementaire\/#breadcrumb\",\"itemListElement\":[{\"@type\":\"ListItem\",\"position\":1,\"name\":\"Accueil\",\"item\":\"https:\/\/www.oaq.com\/ressources\/\"},{\"@type\":\"ListItem\",\"position\":2,\"name\":\"Comprendre la police compl\u00e9mentaire\"}]},{\"@type\":\"WebSite\",\"@id\":\"https:\/\/www.oaq.com\/ressources\/#website\",\"url\":\"https:\/\/www.oaq.com\/ressources\/\",\"name\":\"Espace Ressources\",\"description\":\"\",\"potentialAction\":[{\"@type\":\"SearchAction\",\"target\":{\"@type\":\"EntryPoint\",\"urlTemplate\":\"https:\/\/www.oaq.com\/ressources\/?s={search_term_string}\"},\"query-input\":{\"@type\":\"PropertyValueSpecification\",\"valueRequired\":true,\"valueName\":\"search_term_string\"}}],\"inLanguage\":\"fr-CA\"},{\"@type\":\"Person\",\"@id\":\"https:\/\/www.oaq.com\/ressources\/#\/schema\/person\/4d2bb0caa1e03965db152049d24ce045\",\"name\":\"vortexf\",\"image\":{\"@type\":\"ImageObject\",\"inLanguage\":\"fr-CA\",\"@id\":\"https:\/\/secure.gravatar.com\/avatar\/23590c744a3b7c47c9ac42238b245df984cebf357111e4952aa03b011375b788?s=96&d=mm&r=g\",\"url\":\"https:\/\/secure.gravatar.com\/avatar\/23590c744a3b7c47c9ac42238b245df984cebf357111e4952aa03b011375b788?s=96&d=mm&r=g\",\"contentUrl\":\"https:\/\/secure.gravatar.com\/avatar\/23590c744a3b7c47c9ac42238b245df984cebf357111e4952aa03b011375b788?s=96&d=mm&r=g\",\"caption\":\"vortexf\"},\"url\":\"https:\/\/www.oaq.com\/ressources\/author\/vortexf\/\"}]}<\/script>\n<!-- \/ Yoast SEO plugin. -->","yoast_head_json":{"title":"Comprendre la police compl\u00e9mentaire - Espace Ressources","robots":{"index":"index","follow":"follow","max-snippet":"max-snippet:-1","max-image-preview":"max-image-preview:large","max-video-preview":"max-video-preview:-1"},"canonical":"https:\/\/www.oaq.com\/ressources\/publications-ordre\/comprendre-la-police-complementaire\/","og_locale":"fr_CA","og_type":"article","og_title":"Comprendre la police compl\u00e9mentaire - Espace Ressources","og_description":"La police compl\u00e9mentaire de la direction du fonds d\u2019assurance, bien que souscrite par un grand nombre d\u2019architectes, est souvent m\u00e9connue. Cette police d\u2019assurance est essentielle pour prot\u00e9ger les architectes et leur client\u00e8le. La comprendre peut \u00e9viter bien des surprises d\u00e9sagr\u00e9ables.","og_url":"https:\/\/www.oaq.com\/ressources\/publications-ordre\/comprendre-la-police-complementaire\/","og_site_name":"Espace Ressources","article_published_time":"2024-03-15T23:31:52+00:00","article_modified_time":"2026-02-27T19:46:22+00:00","og_image":[{"width":800,"height":580,"url":"https:\/\/www.oaq.com\/ressources\/wp-content\/uploads\/sites\/2\/2025\/12\/Police-complementaire-low-e1710530980407.jpg","type":"image\/jpeg"}],"author":"vortexf","twitter_card":"summary_large_image","twitter_misc":{"\u00c9crit par":"vortexf","Estimation du temps de lecture":"4 minutes"},"schema":{"@context":"https:\/\/schema.org","@graph":[{"@type":"Article","@id":"https:\/\/www.oaq.com\/ressources\/publications-ordre\/comprendre-la-police-complementaire\/#article","isPartOf":{"@id":"https:\/\/www.oaq.com\/ressources\/publications-ordre\/comprendre-la-police-complementaire\/"},"author":{"name":"vortexf","@id":"https:\/\/www.oaq.com\/ressources\/#\/schema\/person\/4d2bb0caa1e03965db152049d24ce045"},"headline":"Comprendre la police compl\u00e9mentaire","datePublished":"2024-03-15T23:31:52+00:00","dateModified":"2026-02-27T19:46:22+00:00","mainEntityOfPage":{"@id":"https:\/\/www.oaq.com\/ressources\/publications-ordre\/comprendre-la-police-complementaire\/"},"wordCount":776,"image":{"@id":"https:\/\/www.oaq.com\/ressources\/publications-ordre\/comprendre-la-police-complementaire\/#primaryimage"},"thumbnailUrl":"https:\/\/www.oaq.com\/ressources\/wp-content\/uploads\/sites\/2\/2025\/12\/Police-complementaire-low-e1710530980407.jpg","inLanguage":"fr-CA"},{"@type":"WebPage","@id":"https:\/\/www.oaq.com\/ressources\/publications-ordre\/comprendre-la-police-complementaire\/","url":"https:\/\/www.oaq.com\/ressources\/publications-ordre\/comprendre-la-police-complementaire\/","name":"Comprendre la police compl\u00e9mentaire - Espace Ressources","isPartOf":{"@id":"https:\/\/www.oaq.com\/ressources\/#website"},"primaryImageOfPage":{"@id":"https:\/\/www.oaq.com\/ressources\/publications-ordre\/comprendre-la-police-complementaire\/#primaryimage"},"image":{"@id":"https:\/\/www.oaq.com\/ressources\/publications-ordre\/comprendre-la-police-complementaire\/#primaryimage"},"thumbnailUrl":"https:\/\/www.oaq.com\/ressources\/wp-content\/uploads\/sites\/2\/2025\/12\/Police-complementaire-low-e1710530980407.jpg","datePublished":"2024-03-15T23:31:52+00:00","dateModified":"2026-02-27T19:46:22+00:00","author":{"@id":"https:\/\/www.oaq.com\/ressources\/#\/schema\/person\/4d2bb0caa1e03965db152049d24ce045"},"breadcrumb":{"@id":"https:\/\/www.oaq.com\/ressources\/publications-ordre\/comprendre-la-police-complementaire\/#breadcrumb"},"inLanguage":"fr-CA","potentialAction":[{"@type":"ReadAction","target":["https:\/\/www.oaq.com\/ressources\/publications-ordre\/comprendre-la-police-complementaire\/"]}]},{"@type":"ImageObject","inLanguage":"fr-CA","@id":"https:\/\/www.oaq.com\/ressources\/publications-ordre\/comprendre-la-police-complementaire\/#primaryimage","url":"https:\/\/www.oaq.com\/ressources\/wp-content\/uploads\/sites\/2\/2025\/12\/Police-complementaire-low-e1710530980407.jpg","contentUrl":"https:\/\/www.oaq.com\/ressources\/wp-content\/uploads\/sites\/2\/2025\/12\/Police-complementaire-low-e1710530980407.jpg","width":800,"height":580},{"@type":"BreadcrumbList","@id":"https:\/\/www.oaq.com\/ressources\/publications-ordre\/comprendre-la-police-complementaire\/#breadcrumb","itemListElement":[{"@type":"ListItem","position":1,"name":"Accueil","item":"https:\/\/www.oaq.com\/ressources\/"},{"@type":"ListItem","position":2,"name":"Comprendre la police compl\u00e9mentaire"}]},{"@type":"WebSite","@id":"https:\/\/www.oaq.com\/ressources\/#website","url":"https:\/\/www.oaq.com\/ressources\/","name":"Espace Ressources","description":"","potentialAction":[{"@type":"SearchAction","target":{"@type":"EntryPoint","urlTemplate":"https:\/\/www.oaq.com\/ressources\/?s={search_term_string}"},"query-input":{"@type":"PropertyValueSpecification","valueRequired":true,"valueName":"search_term_string"}}],"inLanguage":"fr-CA"},{"@type":"Person","@id":"https:\/\/www.oaq.com\/ressources\/#\/schema\/person\/4d2bb0caa1e03965db152049d24ce045","name":"vortexf","image":{"@type":"ImageObject","inLanguage":"fr-CA","@id":"https:\/\/secure.gravatar.com\/avatar\/23590c744a3b7c47c9ac42238b245df984cebf357111e4952aa03b011375b788?s=96&d=mm&r=g","url":"https:\/\/secure.gravatar.com\/avatar\/23590c744a3b7c47c9ac42238b245df984cebf357111e4952aa03b011375b788?s=96&d=mm&r=g","contentUrl":"https:\/\/secure.gravatar.com\/avatar\/23590c744a3b7c47c9ac42238b245df984cebf357111e4952aa03b011375b788?s=96&d=mm&r=g","caption":"vortexf"},"url":"https:\/\/www.oaq.com\/ressources\/author\/vortexf\/"}]}},"_links":{"self":[{"href":"https:\/\/www.oaq.com\/ressources\/wp-json\/wp\/v2\/posts\/675","targetHints":{"allow":["GET"]}}],"collection":[{"href":"https:\/\/www.oaq.com\/ressources\/wp-json\/wp\/v2\/posts"}],"about":[{"href":"https:\/\/www.oaq.com\/ressources\/wp-json\/wp\/v2\/types\/post"}],"author":[{"embeddable":true,"href":"https:\/\/www.oaq.com\/ressources\/wp-json\/wp\/v2\/users\/1"}],"replies":[{"embeddable":true,"href":"https:\/\/www.oaq.com\/ressources\/wp-json\/wp\/v2\/comments?post=675"}],"version-history":[{"count":6,"href":"https:\/\/www.oaq.com\/ressources\/wp-json\/wp\/v2\/posts\/675\/revisions"}],"predecessor-version":[{"id":1868,"href":"https:\/\/www.oaq.com\/ressources\/wp-json\/wp\/v2\/posts\/675\/revisions\/1868"}],"wp:featuredmedia":[{"embeddable":true,"href":"https:\/\/www.oaq.com\/ressources\/wp-json\/wp\/v2\/media\/676"}],"wp:attachment":[{"href":"https:\/\/www.oaq.com\/ressources\/wp-json\/wp\/v2\/media?parent=675"}],"wp:term":[{"taxonomy":"post_tag","embeddable":true,"href":"https:\/\/www.oaq.com\/ressources\/wp-json\/wp\/v2\/tags?post=675"},{"taxonomy":"publication-type","embeddable":true,"href":"https:\/\/www.oaq.com\/ressources\/wp-json\/wp\/v2\/publication-type?post=675"},{"taxonomy":"subject","embeddable":true,"href":"https:\/\/www.oaq.com\/ressources\/wp-json\/wp\/v2\/subject?post=675"}],"curies":[{"name":"wp","href":"https:\/\/api.w.org\/{rel}","templated":true}]}}